{"id":13479,"date":"2026-03-16T16:00:32","date_gmt":"2026-03-16T21:00:32","guid":{"rendered":"https:\/\/colsanjoc.edu.co\/web\/?p=13479"},"modified":"2026-03-16T16:23:15","modified_gmt":"2026-03-16T21:23:15","slug":"invitacion-a-la-celebracion-del-dia-de-san-jose-y-acto-de-posesion-del-gobierno-escolar","status":"publish","type":"post","link":"https:\/\/colsanjoc.edu.co\/web\/invitacion-a-la-celebracion-del-dia-de-san-jose-y-acto-de-posesion-del-gobierno-escolar\/","title":{"rendered":"\ud83d\udce2 014 INVITACI\u00d3N A LA CELEBRACION DEL DIA DE SAN JOSE  Y ACTO DE POSESION DEL GOBIERNO ESCOLAR."},"content":{"rendered":"<p class=\"my-2 [&amp;+p]:mt-4 [&amp;_strong:has(+br)]:inline-block [&amp;_strong:has(+br)]:pb-2\">La Instituci\u00f3n Educativa Colegio San Jos\u00e9 de C\u00facuta saluda cordialmente a toda la comunidad educativa e invita a participar en la celebraci\u00f3n del D\u00eda de San Jos\u00e9, patrono de nuestro Colegio, espacio que fortalece la identidad, la convivencia y el sentido de pertenencia institucional. En este marco, se realizar\u00e1 adem\u00e1s el acto de posesi\u00f3n oficial de los integrantes del Gobierno Escolar del presente a\u00f1o lectivo, reafirmando nuestro compromiso con la participaci\u00f3n democr\u00e1tica, la corresponsabilidad y el liderazgo estudiantil.<span class=\"inline-flex\" aria-label=\"014.pdf\" data-state=\"closed\">\u200b<\/span><\/p>\n<p class=\"my-2 [&amp;+p]:mt-4 [&amp;_strong:has(+br)]:inline-block [&amp;_strong:has(+br)]:pb-2\">Bajo nuestro lema institucional \u201cCalidad y Convivencia, Pilares de la Excelencia\u201d, reiteramos la importancia de la presencia activa de directivos, docentes, estudiantes, familias y personal administrativo, como base para el bienestar y el mejoramiento continuo de la comunidad sanjose\u00edsta.<span class=\"inline-flex\" aria-label=\"014.pdf\" data-state=\"closed\">\u200b<\/span><\/p>\n<p>&nbsp;<\/p>\n<p><a href=\"https:\/\/colsanjoc.edu.co\/web\/wp-content\/uploads\/2026\/03\/014.pdf\" target=\"_blank\" rel=\"noopener\">014 INVITACI\u00d3N A LA CELEBRACION DEL DIA DE SAN JOSE Y ACTO DE POSESION DEL GOBIERNO ESCOLAR.<\/a><\/p>\n","protected":false},"excerpt":{"rendered":"<p>La Instituci\u00f3n Educativa Colegio San Jos\u00e9 de C\u00facuta saluda cordialmente a toda la comunidad educativa e invita a participar en la celebraci\u00f3n del D\u00eda de San Jos\u00e9, patrono de nuestro Colegio, espacio que fortalece la identidad, la convivencia y el &hellip; <\/p>\n","protected":false},"author":9,"featured_media":0,"comment_status":"closed","ping_status":"closed","sticky":false,"template":"","format":"standard","meta":{"footnotes":""},"categories":[3501,3467],"tags":[],"class_list":["post-13479","post","type-post","status-publish","format-standard","hentry","category-circulares-2026","category-noticias"],"_links":{"self":[{"href":"https:\/\/colsanjoc.edu.co\/web\/wp-json\/wp\/v2\/posts\/13479","targetHints":{"allow":["GET"]}}],"collection":[{"href":"https:\/\/colsanjoc.edu.co\/web\/wp-json\/wp\/v2\/posts"}],"about":[{"href":"https:\/\/colsanjoc.edu.co\/web\/wp-json\/wp\/v2\/types\/post"}],"author":[{"embeddable":true,"href":"https:\/\/colsanjoc.edu.co\/web\/wp-json\/wp\/v2\/users\/9"}],"replies":[{"embeddable":true,"href":"https:\/\/colsanjoc.edu.co\/web\/wp-json\/wp\/v2\/comments?post=13479"}],"version-history":[{"count":3,"href":"https:\/\/colsanjoc.edu.co\/web\/wp-json\/wp\/v2\/posts\/13479\/revisions"}],"predecessor-version":[{"id":13482,"href":"https:\/\/colsanjoc.edu.co\/web\/wp-json\/wp\/v2\/posts\/13479\/revisions\/13482"}],"wp:attachment":[{"href":"https:\/\/colsanjoc.edu.co\/web\/wp-json\/wp\/v2\/media?parent=13479"}],"wp:term":[{"taxonomy":"category","embeddable":true,"href":"https:\/\/colsanjoc.edu.co\/web\/wp-json\/wp\/v2\/categories?post=13479"},{"taxonomy":"post_tag","embeddable":true,"href":"https:\/\/colsanjoc.edu.co\/web\/wp-json\/wp\/v2\/tags?post=13479"}],"curies":[{"name":"wp","href":"https:\/\/api.w.org\/{rel}","templated":true}]}}